{"id":191389,"date":"2026-03-14T10:37:38","date_gmt":"2026-03-14T09:37:38","guid":{"rendered":"http:\/\/www.ecolelacroisette.be\/?p=191389"},"modified":"2026-03-14T10:37:39","modified_gmt":"2026-03-14T09:37:39","slug":"journee-internationale-du-pyjama","status":"publish","type":"post","link":"https:\/\/www.ecolelacroisette.be\/index.php\/2026\/03\/14\/journee-internationale-du-pyjama\/","title":{"rendered":"Journ\u00e9e Internationale du Pyjama"},"content":{"rendered":"\n<p>Ce vendredi 13 mars 2026, nos \u00e9l\u00e8ves sont arriv\u00e9s \u00e0 l\u2019\u00e9cole v\u00eatus de leur plus beau pyjama pour c\u00e9l\u00e9brer la Journ\u00e9e Internationale du Pyjama. Par ce geste symbolique, ils ont exprim\u00e9 leur solidarit\u00e9 envers les enfants contraints de porter le leur toute la journ\u00e9e en raison de la maladie. Cette action s\u2019inscrit pleinement dans les initiatives de solidarit\u00e9 propos\u00e9es \u00e0 nos \u00e9l\u00e8ves et refl\u00e8te les valeurs qui fondent notre \u00e9cole.<\/p>\n\n\n\n<figure class=\"wp-block-gallery columns-1 is-cropped\"><ul class=\"blocks-gallery-grid\"><li class=\"blocks-gallery-item\"><figure><a href=\"https:\/\/www.ecolelacroisette.be\/wp-content\/uploads\/2026\/03\/IMG-20260313-WA0047.jpg\"><img loading=\"lazy\" width=\"1024\" height=\"768\" src=\"https:\/\/www.ecolelacroisette.be\/wp-content\/uploads\/2026\/03\/IMG-20260313-WA0047-1024x768.jpg\" alt=\"\" data-id=\"191390\" data-full-url=\"https:\/\/www.ecolelacroisette.be\/wp-content\/uploads\/2026\/03\/IMG-20260313-WA0047.jpg\" data-link=\"https:\/\/www.ecolelacroisette.be\/?attachment_id=191390\" class=\"wp-image-191390\" srcset=\"https:\/\/www.ecolelacroisette.be\/wp-content\/uploads\/2026\/03\/IMG-20260313-WA0047-1024x768.jpg 1024w, https:\/\/www.ecolelacroisette.be\/wp-content\/uploads\/2026\/03\/IMG-20260313-WA0047-300x225.jpg 300w, https:\/\/www.ecolelacroisette.be\/wp-content\/uploads\/2026\/03\/IMG-20260313-WA0047-768x576.jpg 768w, https:\/\/www.ecolelacroisette.be\/wp-content\/uploads\/2026\/03\/IMG-20260313-WA0047-1536x1152.jpg 1536w, https:\/\/www.ecolelacroisette.be\/wp-content\/uploads\/2026\/03\/IMG-20260313-WA0047.jpg 1600w\" sizes=\"(max-width: 1024px) 100vw, 1024px\" \/><\/a><\/figure><\/li><li class=\"blocks-gallery-item\"><figure><a href=\"https:\/\/www.ecolelacroisette.be\/wp-content\/uploads\/2026\/03\/IMG-20260313-WA0049.jpg\"><img loading=\"lazy\" width=\"1024\" height=\"768\" src=\"https:\/\/www.ecolelacroisette.be\/wp-content\/uploads\/2026\/03\/IMG-20260313-WA0049-1024x768.jpg\" alt=\"\" data-id=\"191391\" data-full-url=\"https:\/\/www.ecolelacroisette.be\/wp-content\/uploads\/2026\/03\/IMG-20260313-WA0049.jpg\" data-link=\"https:\/\/www.ecolelacroisette.be\/?attachment_id=191391\" class=\"wp-image-191391\" srcset=\"https:\/\/www.ecolelacroisette.be\/wp-content\/uploads\/2026\/03\/IMG-20260313-WA0049-1024x768.jpg 1024w, https:\/\/www.ecolelacroisette.be\/wp-content\/uploads\/2026\/03\/IMG-20260313-WA0049-300x225.jpg 300w, https:\/\/www.ecolelacroisette.be\/wp-content\/uploads\/2026\/03\/IMG-20260313-WA0049-768x576.jpg 768w, https:\/\/www.ecolelacroisette.be\/wp-content\/uploads\/2026\/03\/IMG-20260313-WA0049-1536x1152.jpg 1536w, https:\/\/www.ecolelacroisette.be\/wp-content\/uploads\/2026\/03\/IMG-20260313-WA0049.jpg 1600w\" sizes=\"(max-width: 1024px) 100vw, 1024px\" \/><\/a><\/figure><\/li><li class=\"blocks-gallery-item\"><figure><a href=\"https:\/\/www.ecolelacroisette.be\/wp-content\/uploads\/2026\/03\/IMG-20260313-WA0051.jpg\"><img loading=\"lazy\" width=\"1024\" height=\"768\" src=\"https:\/\/www.ecolelacroisette.be\/wp-content\/uploads\/2026\/03\/IMG-20260313-WA0051-1024x768.jpg\" alt=\"\" data-id=\"191392\" data-full-url=\"https:\/\/www.ecolelacroisette.be\/wp-content\/uploads\/2026\/03\/IMG-20260313-WA0051.jpg\" data-link=\"https:\/\/www.ecolelacroisette.be\/?attachment_id=191392\" class=\"wp-image-191392\" srcset=\"https:\/\/www.ecolelacroisette.be\/wp-content\/uploads\/2026\/03\/IMG-20260313-WA0051-1024x768.jpg 1024w, https:\/\/www.ecolelacroisette.be\/wp-content\/uploads\/2026\/03\/IMG-20260313-WA0051-300x225.jpg 300w, https:\/\/www.ecolelacroisette.be\/wp-content\/uploads\/2026\/03\/IMG-20260313-WA0051-768x576.jpg 768w, https:\/\/www.ecolelacroisette.be\/wp-content\/uploads\/2026\/03\/IMG-20260313-WA0051-1536x1152.jpg 1536w, https:\/\/www.ecolelacroisette.be\/wp-content\/uploads\/2026\/03\/IMG-20260313-WA0051.jpg 1600w\" sizes=\"(max-width: 1024px) 100vw, 1024px\" \/><\/a><\/figure><\/li><li class=\"blocks-gallery-item\"><figure><a href=\"https:\/\/www.ecolelacroisette.be\/wp-content\/uploads\/2026\/03\/IMG-20260313-WA0052.jpg\"><img loading=\"lazy\" width=\"1024\" height=\"768\" src=\"https:\/\/www.ecolelacroisette.be\/wp-content\/uploads\/2026\/03\/IMG-20260313-WA0052-1024x768.jpg\" alt=\"\" data-id=\"191393\" data-full-url=\"https:\/\/www.ecolelacroisette.be\/wp-content\/uploads\/2026\/03\/IMG-20260313-WA0052.jpg\" data-link=\"https:\/\/www.ecolelacroisette.be\/?attachment_id=191393\" class=\"wp-image-191393\" srcset=\"https:\/\/www.ecolelacroisette.be\/wp-content\/uploads\/2026\/03\/IMG-20260313-WA0052-1024x768.jpg 1024w, https:\/\/www.ecolelacroisette.be\/wp-content\/uploads\/2026\/03\/IMG-20260313-WA0052-300x225.jpg 300w, https:\/\/www.ecolelacroisette.be\/wp-content\/uploads\/2026\/03\/IMG-20260313-WA0052-768x576.jpg 768w, https:\/\/www.ecolelacroisette.be\/wp-content\/uploads\/2026\/03\/IMG-20260313-WA0052-1536x1152.jpg 1536w, https:\/\/www.ecolelacroisette.be\/wp-content\/uploads\/2026\/03\/IMG-20260313-WA0052.jpg 1600w\" sizes=\"(max-width: 1024px) 100vw, 1024px\" \/><\/a><\/figure><\/li><li class=\"blocks-gallery-item\"><figure><a href=\"https:\/\/www.ecolelacroisette.be\/wp-content\/uploads\/2026\/03\/IMG-20260314-WA0001.jpg\"><img loading=\"lazy\" width=\"1024\" height=\"768\" src=\"https:\/\/www.ecolelacroisette.be\/wp-content\/uploads\/2026\/03\/IMG-20260314-WA0001-1024x768.jpg\" alt=\"\" data-id=\"191394\" data-full-url=\"https:\/\/www.ecolelacroisette.be\/wp-content\/uploads\/2026\/03\/IMG-20260314-WA0001.jpg\" data-link=\"https:\/\/www.ecolelacroisette.be\/?attachment_id=191394\" class=\"wp-image-191394\" srcset=\"https:\/\/www.ecolelacroisette.be\/wp-content\/uploads\/2026\/03\/IMG-20260314-WA0001-1024x768.jpg 1024w, https:\/\/www.ecolelacroisette.be\/wp-content\/uploads\/2026\/03\/IMG-20260314-WA0001-300x225.jpg 300w, https:\/\/www.ecolelacroisette.be\/wp-content\/uploads\/2026\/03\/IMG-20260314-WA0001-768x576.jpg 768w, https:\/\/www.ecolelacroisette.be\/wp-content\/uploads\/2026\/03\/IMG-20260314-WA0001-1536x1152.jpg 1536w, https:\/\/www.ecolelacroisette.be\/wp-content\/uploads\/2026\/03\/IMG-20260314-WA0001.jpg 1600w\" sizes=\"(max-width: 1024px) 100vw, 1024px\" \/><\/a><\/figure><\/li><\/ul><\/figure>\n","protected":false},"excerpt":{"rendered":"<p>Ce vendredi 13 mars 2026, nos \u00e9l\u00e8ves sont arriv\u00e9s \u00e0 l\u2019\u00e9cole v\u00eatus de leur plus beau pyjama pour c\u00e9l\u00e9brer la Journ\u00e9e Internationale du Pyjama. Par ce geste symbolique, ils ont exprim\u00e9 leur solidarit\u00e9 envers les enfants contraints de porter le leur toute la journ\u00e9e en raison de la maladie. Cette action s\u2019inscrit pleinement dans les&hellip;<\/p>\n","protected":false},"author":2,"featured_media":0,"comment_status":"closed","ping_status":"closed","sticky":false,"template":"","format":"standard","meta":[],"categories":[1],"tags":[],"_links":{"self":[{"href":"https:\/\/www.ecolelacroisette.be\/index.php\/wp-json\/wp\/v2\/posts\/191389"}],"collection":[{"href":"https:\/\/www.ecolelacroisette.be\/index.php\/wp-json\/wp\/v2\/posts"}],"about":[{"href":"https:\/\/www.ecolelacroisette.be\/index.php\/wp-json\/wp\/v2\/types\/post"}],"author":[{"embeddable":true,"href":"https:\/\/www.ecolelacroisette.be\/index.php\/wp-json\/wp\/v2\/users\/2"}],"replies":[{"embeddable":true,"href":"https:\/\/www.ecolelacroisette.be\/index.php\/wp-json\/wp\/v2\/comments?post=191389"}],"version-history":[{"count":1,"href":"https:\/\/www.ecolelacroisette.be\/index.php\/wp-json\/wp\/v2\/posts\/191389\/revisions"}],"predecessor-version":[{"id":191395,"href":"https:\/\/www.ecolelacroisette.be\/index.php\/wp-json\/wp\/v2\/posts\/191389\/revisions\/191395"}],"wp:attachment":[{"href":"https:\/\/www.ecolelacroisette.be\/index.php\/wp-json\/wp\/v2\/media?parent=191389"}],"wp:term":[{"taxonomy":"category","embeddable":true,"href":"https:\/\/www.ecolelacroisette.be\/index.php\/wp-json\/wp\/v2\/categories?post=191389"},{"taxonomy":"post_tag","embeddable":true,"href":"https:\/\/www.ecolelacroisette.be\/index.php\/wp-json\/wp\/v2\/tags?post=191389"}],"curies":[{"name":"wp","href":"https:\/\/api.w.org\/{rel}","templated":true}]}}