{"id":191267,"date":"2026-03-11T16:13:13","date_gmt":"2026-03-11T15:13:13","guid":{"rendered":"http:\/\/www.ecolelacroisette.be\/?p=191267"},"modified":"2026-03-11T16:13:14","modified_gmt":"2026-03-11T15:13:14","slug":"une-autrice-en-classe-un-moment-inspirant-avec-auriane-de-pierpont-pour-les-eleves-de-p1-a-p4","status":"publish","type":"post","link":"https:\/\/www.ecolelacroisette.be\/index.php\/2026\/03\/11\/une-autrice-en-classe-un-moment-inspirant-avec-auriane-de-pierpont-pour-les-eleves-de-p1-a-p4\/","title":{"rendered":"Une autrice en classe : un moment inspirant avec Auriane de Pierpont pour les \u00e9l\u00e8ves de P1 \u00e0 P4"},"content":{"rendered":"\n<p>Dans le cadre de l\u2019op\u00e9ration <strong>\u00ab Auteurs en classe \u00bb<\/strong> organis\u00e9e par la F\u00e9d\u00e9ration Wallonie-Bruxelles, notre \u00e9cole a eu le plaisir d\u2019accueillir <strong>Auriane de Pierpont<\/strong>, autrice de litt\u00e9rature jeunesse le mardi 3 mars 2026. Elle a rencontr\u00e9 les \u00e9l\u00e8ves de <strong>Madame Val\u00e9rie (P1-P2)<\/strong> et de <strong>Madame Nathalie (P3-P4)<\/strong> pour une matin\u00e9e plac\u00e9e sous le signe de la cr\u00e9ativit\u00e9 et de la d\u00e9couverte.<\/p>\n\n\n\n<p>Auriane de Pierpont a pr\u00e9sent\u00e9 ses ouvrages, racont\u00e9 son m\u00e9tier et expliqu\u00e9 aux enfants comment na\u00eet une histoire\u202f: o\u00f9 trouver des id\u00e9es, comment cr\u00e9er des personnages, comment donner envie de tourner les pages. Les \u00e9l\u00e8ves, tr\u00e8s attentifs, ont pos\u00e9 de nombreuses questions auxquelles l\u2019autrice a r\u00e9pondu avec enthousiasme et bienveillance.<\/p>\n\n\n\n<p>Cette rencontre a offert aux enfants un moment privil\u00e9gi\u00e9, o\u00f9 l\u2019imaginaire et le plaisir de lire \u00e9taient \u00e0 l\u2019honneur. <strong>La lecture ouvre des portes, et ces \u00e9changes avec une autrice donnent envie d\u2019en franchir encore beaucoup d\u2019autres\u2026<\/strong><\/p>\n\n\n\n<figure class=\"wp-block-gallery columns-1 is-cropped\"><ul class=\"blocks-gallery-grid\"><li class=\"blocks-gallery-item\"><figure><a href=\"https:\/\/www.ecolelacroisette.be\/wp-content\/uploads\/2026\/03\/IMG-20260306-WA0000.jpg\"><img loading=\"lazy\" width=\"1024\" height=\"768\" src=\"https:\/\/www.ecolelacroisette.be\/wp-content\/uploads\/2026\/03\/IMG-20260306-WA0000-1024x768.jpg\" alt=\"\" data-id=\"191268\" data-full-url=\"https:\/\/www.ecolelacroisette.be\/wp-content\/uploads\/2026\/03\/IMG-20260306-WA0000.jpg\" data-link=\"https:\/\/www.ecolelacroisette.be\/?attachment_id=191268\" class=\"wp-image-191268\" srcset=\"https:\/\/www.ecolelacroisette.be\/wp-content\/uploads\/2026\/03\/IMG-20260306-WA0000-1024x768.jpg 1024w, https:\/\/www.ecolelacroisette.be\/wp-content\/uploads\/2026\/03\/IMG-20260306-WA0000-300x225.jpg 300w, https:\/\/www.ecolelacroisette.be\/wp-content\/uploads\/2026\/03\/IMG-20260306-WA0000-768x576.jpg 768w, https:\/\/www.ecolelacroisette.be\/wp-content\/uploads\/2026\/03\/IMG-20260306-WA0000-1536x1152.jpg 1536w, https:\/\/www.ecolelacroisette.be\/wp-content\/uploads\/2026\/03\/IMG-20260306-WA0000.jpg 1600w\" sizes=\"(max-width: 1024px) 100vw, 1024px\" \/><\/a><\/figure><\/li><li class=\"blocks-gallery-item\"><figure><a href=\"https:\/\/www.ecolelacroisette.be\/wp-content\/uploads\/2026\/03\/IMG-20260306-WA0001.jpg\"><img loading=\"lazy\" width=\"768\" height=\"1024\" src=\"https:\/\/www.ecolelacroisette.be\/wp-content\/uploads\/2026\/03\/IMG-20260306-WA0001-768x1024.jpg\" alt=\"\" data-id=\"191269\" data-full-url=\"https:\/\/www.ecolelacroisette.be\/wp-content\/uploads\/2026\/03\/IMG-20260306-WA0001.jpg\" data-link=\"https:\/\/www.ecolelacroisette.be\/?attachment_id=191269\" class=\"wp-image-191269\" srcset=\"https:\/\/www.ecolelacroisette.be\/wp-content\/uploads\/2026\/03\/IMG-20260306-WA0001-768x1024.jpg 768w, https:\/\/www.ecolelacroisette.be\/wp-content\/uploads\/2026\/03\/IMG-20260306-WA0001-225x300.jpg 225w, https:\/\/www.ecolelacroisette.be\/wp-content\/uploads\/2026\/03\/IMG-20260306-WA0001-1152x1536.jpg 1152w, https:\/\/www.ecolelacroisette.be\/wp-content\/uploads\/2026\/03\/IMG-20260306-WA0001.jpg 1200w\" sizes=\"(max-width: 768px) 100vw, 768px\" \/><\/a><\/figure><\/li><li class=\"blocks-gallery-item\"><figure><a href=\"https:\/\/www.ecolelacroisette.be\/wp-content\/uploads\/2026\/03\/IMG-20260306-WA0003.jpg\"><img loading=\"lazy\" width=\"1024\" height=\"768\" src=\"https:\/\/www.ecolelacroisette.be\/wp-content\/uploads\/2026\/03\/IMG-20260306-WA0003-1024x768.jpg\" alt=\"\" data-id=\"191270\" data-full-url=\"https:\/\/www.ecolelacroisette.be\/wp-content\/uploads\/2026\/03\/IMG-20260306-WA0003.jpg\" data-link=\"https:\/\/www.ecolelacroisette.be\/?attachment_id=191270\" class=\"wp-image-191270\" srcset=\"https:\/\/www.ecolelacroisette.be\/wp-content\/uploads\/2026\/03\/IMG-20260306-WA0003-1024x768.jpg 1024w, https:\/\/www.ecolelacroisette.be\/wp-content\/uploads\/2026\/03\/IMG-20260306-WA0003-300x225.jpg 300w, https:\/\/www.ecolelacroisette.be\/wp-content\/uploads\/2026\/03\/IMG-20260306-WA0003-768x576.jpg 768w, https:\/\/www.ecolelacroisette.be\/wp-content\/uploads\/2026\/03\/IMG-20260306-WA0003-1536x1152.jpg 1536w, https:\/\/www.ecolelacroisette.be\/wp-content\/uploads\/2026\/03\/IMG-20260306-WA0003.jpg 1600w\" sizes=\"(max-width: 1024px) 100vw, 1024px\" \/><\/a><\/figure><\/li><li class=\"blocks-gallery-item\"><figure><a href=\"https:\/\/www.ecolelacroisette.be\/wp-content\/uploads\/2026\/03\/IMG-20260306-WA0004.jpg\"><img loading=\"lazy\" width=\"1024\" height=\"768\" src=\"https:\/\/www.ecolelacroisette.be\/wp-content\/uploads\/2026\/03\/IMG-20260306-WA0004-1024x768.jpg\" alt=\"\" data-id=\"191271\" data-full-url=\"https:\/\/www.ecolelacroisette.be\/wp-content\/uploads\/2026\/03\/IMG-20260306-WA0004.jpg\" data-link=\"https:\/\/www.ecolelacroisette.be\/?attachment_id=191271\" class=\"wp-image-191271\" srcset=\"https:\/\/www.ecolelacroisette.be\/wp-content\/uploads\/2026\/03\/IMG-20260306-WA0004-1024x768.jpg 1024w, https:\/\/www.ecolelacroisette.be\/wp-content\/uploads\/2026\/03\/IMG-20260306-WA0004-300x225.jpg 300w, https:\/\/www.ecolelacroisette.be\/wp-content\/uploads\/2026\/03\/IMG-20260306-WA0004-768x576.jpg 768w, https:\/\/www.ecolelacroisette.be\/wp-content\/uploads\/2026\/03\/IMG-20260306-WA0004-1536x1152.jpg 1536w, https:\/\/www.ecolelacroisette.be\/wp-content\/uploads\/2026\/03\/IMG-20260306-WA0004.jpg 1600w\" sizes=\"(max-width: 1024px) 100vw, 1024px\" \/><\/a><\/figure><\/li><\/ul><\/figure>\n","protected":false},"excerpt":{"rendered":"<p>Dans le cadre de l\u2019op\u00e9ration \u00ab Auteurs en classe \u00bb organis\u00e9e par la F\u00e9d\u00e9ration Wallonie-Bruxelles, notre \u00e9cole a eu le plaisir d\u2019accueillir Auriane de Pierpont, autrice de litt\u00e9rature jeunesse le mardi 3 mars 2026. Elle a rencontr\u00e9 les \u00e9l\u00e8ves de Madame Val\u00e9rie (P1-P2) et de Madame Nathalie (P3-P4) pour une matin\u00e9e plac\u00e9e sous le signe&hellip;<\/p>\n","protected":false},"author":2,"featured_media":0,"comment_status":"closed","ping_status":"closed","sticky":false,"template":"","format":"standard","meta":[],"categories":[1],"tags":[],"_links":{"self":[{"href":"https:\/\/www.ecolelacroisette.be\/index.php\/wp-json\/wp\/v2\/posts\/191267"}],"collection":[{"href":"https:\/\/www.ecolelacroisette.be\/index.php\/wp-json\/wp\/v2\/posts"}],"about":[{"href":"https:\/\/www.ecolelacroisette.be\/index.php\/wp-json\/wp\/v2\/types\/post"}],"author":[{"embeddable":true,"href":"https:\/\/www.ecolelacroisette.be\/index.php\/wp-json\/wp\/v2\/users\/2"}],"replies":[{"embeddable":true,"href":"https:\/\/www.ecolelacroisette.be\/index.php\/wp-json\/wp\/v2\/comments?post=191267"}],"version-history":[{"count":1,"href":"https:\/\/www.ecolelacroisette.be\/index.php\/wp-json\/wp\/v2\/posts\/191267\/revisions"}],"predecessor-version":[{"id":191272,"href":"https:\/\/www.ecolelacroisette.be\/index.php\/wp-json\/wp\/v2\/posts\/191267\/revisions\/191272"}],"wp:attachment":[{"href":"https:\/\/www.ecolelacroisette.be\/index.php\/wp-json\/wp\/v2\/media?parent=191267"}],"wp:term":[{"taxonomy":"category","embeddable":true,"href":"https:\/\/www.ecolelacroisette.be\/index.php\/wp-json\/wp\/v2\/categories?post=191267"},{"taxonomy":"post_tag","embeddable":true,"href":"https:\/\/www.ecolelacroisette.be\/index.php\/wp-json\/wp\/v2\/tags?post=191267"}],"curies":[{"name":"wp","href":"https:\/\/api.w.org\/{rel}","templated":true}]}}