{"id":189907,"date":"2025-09-08T14:18:34","date_gmt":"2025-09-08T12:18:34","guid":{"rendered":"http:\/\/www.ecolelacroisette.be\/?p=189907"},"modified":"2025-09-08T14:18:35","modified_gmt":"2025-09-08T12:18:35","slug":"ecole-du-dehors-classe-dallison-m2-3","status":"publish","type":"post","link":"https:\/\/www.ecolelacroisette.be\/index.php\/2025\/09\/08\/ecole-du-dehors-classe-dallison-m2-3\/","title":{"rendered":"Ecole du dehors, classe d&rsquo;Allison (M2-3)"},"content":{"rendered":"\n<p>Le vendredi 5 septembre 2025, les \u00e9l\u00e8ves d&rsquo;Allison ont v\u00e9cu un chouette moment d&rsquo;apprentissage au bois didactique de Gesves. <br>Ils ont profit\u00e9 de la nature et du bon air afin de travailler les notions de \u00ab\u00a0plus court que\u00a0\u00bb, \u00ab\u00a0plus long que\u00a0\u00bb et d&rsquo;\u00e9talon de mesure, tout en effectuant un travail \u00e0 propos de l&rsquo;\u00e9coute et de la compr\u00e9hension des consignes (ramasser un objet \u00e0 deux, \u00e0 trois, etc.)..<\/p>\n\n\n\n<figure class=\"wp-block-gallery columns-1 is-cropped\"><ul class=\"blocks-gallery-grid\"><li class=\"blocks-gallery-item\"><figure><a href=\"https:\/\/www.ecolelacroisette.be\/wp-content\/uploads\/2025\/09\/IMG-20250905-WA0007.jpg\"><img loading=\"lazy\" width=\"1024\" height=\"768\" src=\"https:\/\/www.ecolelacroisette.be\/wp-content\/uploads\/2025\/09\/IMG-20250905-WA0007-1024x768.jpg\" alt=\"\" data-id=\"189908\" data-full-url=\"https:\/\/www.ecolelacroisette.be\/wp-content\/uploads\/2025\/09\/IMG-20250905-WA0007.jpg\" data-link=\"https:\/\/www.ecolelacroisette.be\/?attachment_id=189908\" class=\"wp-image-189908\" srcset=\"https:\/\/www.ecolelacroisette.be\/wp-content\/uploads\/2025\/09\/IMG-20250905-WA0007-1024x768.jpg 1024w, https:\/\/www.ecolelacroisette.be\/wp-content\/uploads\/2025\/09\/IMG-20250905-WA0007-300x225.jpg 300w, https:\/\/www.ecolelacroisette.be\/wp-content\/uploads\/2025\/09\/IMG-20250905-WA0007-768x576.jpg 768w, https:\/\/www.ecolelacroisette.be\/wp-content\/uploads\/2025\/09\/IMG-20250905-WA0007-1536x1152.jpg 1536w, https:\/\/www.ecolelacroisette.be\/wp-content\/uploads\/2025\/09\/IMG-20250905-WA0007.jpg 1920w\" sizes=\"(max-width: 1024px) 100vw, 1024px\" \/><\/a><\/figure><\/li><li class=\"blocks-gallery-item\"><figure><a href=\"https:\/\/www.ecolelacroisette.be\/wp-content\/uploads\/2025\/09\/IMG-20250905-WA0008.jpg\"><img loading=\"lazy\" width=\"1024\" height=\"768\" src=\"https:\/\/www.ecolelacroisette.be\/wp-content\/uploads\/2025\/09\/IMG-20250905-WA0008-1024x768.jpg\" alt=\"\" data-id=\"189909\" data-full-url=\"https:\/\/www.ecolelacroisette.be\/wp-content\/uploads\/2025\/09\/IMG-20250905-WA0008.jpg\" data-link=\"https:\/\/www.ecolelacroisette.be\/?attachment_id=189909\" class=\"wp-image-189909\" srcset=\"https:\/\/www.ecolelacroisette.be\/wp-content\/uploads\/2025\/09\/IMG-20250905-WA0008-1024x768.jpg 1024w, https:\/\/www.ecolelacroisette.be\/wp-content\/uploads\/2025\/09\/IMG-20250905-WA0008-300x225.jpg 300w, https:\/\/www.ecolelacroisette.be\/wp-content\/uploads\/2025\/09\/IMG-20250905-WA0008-768x576.jpg 768w, https:\/\/www.ecolelacroisette.be\/wp-content\/uploads\/2025\/09\/IMG-20250905-WA0008-1536x1152.jpg 1536w, https:\/\/www.ecolelacroisette.be\/wp-content\/uploads\/2025\/09\/IMG-20250905-WA0008.jpg 1920w\" sizes=\"(max-width: 1024px) 100vw, 1024px\" \/><\/a><\/figure><\/li><li class=\"blocks-gallery-item\"><figure><a href=\"https:\/\/www.ecolelacroisette.be\/wp-content\/uploads\/2025\/09\/IMG-20250905-WA0009.jpg\"><img loading=\"lazy\" width=\"768\" height=\"1024\" src=\"https:\/\/www.ecolelacroisette.be\/wp-content\/uploads\/2025\/09\/IMG-20250905-WA0009-768x1024.jpg\" alt=\"\" data-id=\"189910\" data-full-url=\"https:\/\/www.ecolelacroisette.be\/wp-content\/uploads\/2025\/09\/IMG-20250905-WA0009.jpg\" data-link=\"https:\/\/www.ecolelacroisette.be\/?attachment_id=189910\" class=\"wp-image-189910\" srcset=\"https:\/\/www.ecolelacroisette.be\/wp-content\/uploads\/2025\/09\/IMG-20250905-WA0009-768x1024.jpg 768w, https:\/\/www.ecolelacroisette.be\/wp-content\/uploads\/2025\/09\/IMG-20250905-WA0009-225x300.jpg 225w, https:\/\/www.ecolelacroisette.be\/wp-content\/uploads\/2025\/09\/IMG-20250905-WA0009-1152x1536.jpg 1152w, https:\/\/www.ecolelacroisette.be\/wp-content\/uploads\/2025\/09\/IMG-20250905-WA0009.jpg 1536w\" sizes=\"(max-width: 768px) 100vw, 768px\" \/><\/a><\/figure><\/li><li class=\"blocks-gallery-item\"><figure><a href=\"https:\/\/www.ecolelacroisette.be\/wp-content\/uploads\/2025\/09\/IMG-20250905-WA0010.jpg\"><img loading=\"lazy\" width=\"1024\" height=\"768\" src=\"https:\/\/www.ecolelacroisette.be\/wp-content\/uploads\/2025\/09\/IMG-20250905-WA0010-1024x768.jpg\" alt=\"\" data-id=\"189911\" data-full-url=\"https:\/\/www.ecolelacroisette.be\/wp-content\/uploads\/2025\/09\/IMG-20250905-WA0010.jpg\" data-link=\"https:\/\/www.ecolelacroisette.be\/?attachment_id=189911\" class=\"wp-image-189911\" srcset=\"https:\/\/www.ecolelacroisette.be\/wp-content\/uploads\/2025\/09\/IMG-20250905-WA0010-1024x768.jpg 1024w, https:\/\/www.ecolelacroisette.be\/wp-content\/uploads\/2025\/09\/IMG-20250905-WA0010-300x225.jpg 300w, https:\/\/www.ecolelacroisette.be\/wp-content\/uploads\/2025\/09\/IMG-20250905-WA0010-768x576.jpg 768w, https:\/\/www.ecolelacroisette.be\/wp-content\/uploads\/2025\/09\/IMG-20250905-WA0010-1536x1152.jpg 1536w, https:\/\/www.ecolelacroisette.be\/wp-content\/uploads\/2025\/09\/IMG-20250905-WA0010.jpg 1920w\" sizes=\"(max-width: 1024px) 100vw, 1024px\" \/><\/a><\/figure><\/li><li class=\"blocks-gallery-item\"><figure><a href=\"https:\/\/www.ecolelacroisette.be\/wp-content\/uploads\/2025\/09\/IMG-20250905-WA0011.jpg\"><img loading=\"lazy\" width=\"1024\" height=\"768\" src=\"https:\/\/www.ecolelacroisette.be\/wp-content\/uploads\/2025\/09\/IMG-20250905-WA0011-1024x768.jpg\" alt=\"\" data-id=\"189912\" data-full-url=\"https:\/\/www.ecolelacroisette.be\/wp-content\/uploads\/2025\/09\/IMG-20250905-WA0011.jpg\" data-link=\"https:\/\/www.ecolelacroisette.be\/?attachment_id=189912\" class=\"wp-image-189912\" srcset=\"https:\/\/www.ecolelacroisette.be\/wp-content\/uploads\/2025\/09\/IMG-20250905-WA0011-1024x768.jpg 1024w, https:\/\/www.ecolelacroisette.be\/wp-content\/uploads\/2025\/09\/IMG-20250905-WA0011-300x225.jpg 300w, https:\/\/www.ecolelacroisette.be\/wp-content\/uploads\/2025\/09\/IMG-20250905-WA0011-768x576.jpg 768w, https:\/\/www.ecolelacroisette.be\/wp-content\/uploads\/2025\/09\/IMG-20250905-WA0011-1536x1152.jpg 1536w, https:\/\/www.ecolelacroisette.be\/wp-content\/uploads\/2025\/09\/IMG-20250905-WA0011.jpg 1920w\" sizes=\"(max-width: 1024px) 100vw, 1024px\" \/><\/a><\/figure><\/li><li class=\"blocks-gallery-item\"><figure><a href=\"https:\/\/www.ecolelacroisette.be\/wp-content\/uploads\/2025\/09\/IMG-20250905-WA0012.jpg\"><img loading=\"lazy\" width=\"768\" height=\"1024\" src=\"https:\/\/www.ecolelacroisette.be\/wp-content\/uploads\/2025\/09\/IMG-20250905-WA0012-768x1024.jpg\" alt=\"\" data-id=\"189913\" data-full-url=\"https:\/\/www.ecolelacroisette.be\/wp-content\/uploads\/2025\/09\/IMG-20250905-WA0012.jpg\" data-link=\"https:\/\/www.ecolelacroisette.be\/?attachment_id=189913\" class=\"wp-image-189913\" srcset=\"https:\/\/www.ecolelacroisette.be\/wp-content\/uploads\/2025\/09\/IMG-20250905-WA0012-768x1024.jpg 768w, https:\/\/www.ecolelacroisette.be\/wp-content\/uploads\/2025\/09\/IMG-20250905-WA0012-225x300.jpg 225w, https:\/\/www.ecolelacroisette.be\/wp-content\/uploads\/2025\/09\/IMG-20250905-WA0012-1152x1536.jpg 1152w, https:\/\/www.ecolelacroisette.be\/wp-content\/uploads\/2025\/09\/IMG-20250905-WA0012.jpg 1536w\" sizes=\"(max-width: 768px) 100vw, 768px\" \/><\/a><\/figure><\/li><li class=\"blocks-gallery-item\"><figure><a href=\"https:\/\/www.ecolelacroisette.be\/wp-content\/uploads\/2025\/09\/IMG-20250905-WA0013.jpg\"><img loading=\"lazy\" width=\"768\" height=\"1024\" src=\"https:\/\/www.ecolelacroisette.be\/wp-content\/uploads\/2025\/09\/IMG-20250905-WA0013-768x1024.jpg\" alt=\"\" data-id=\"189914\" data-full-url=\"https:\/\/www.ecolelacroisette.be\/wp-content\/uploads\/2025\/09\/IMG-20250905-WA0013.jpg\" data-link=\"https:\/\/www.ecolelacroisette.be\/?attachment_id=189914\" class=\"wp-image-189914\" srcset=\"https:\/\/www.ecolelacroisette.be\/wp-content\/uploads\/2025\/09\/IMG-20250905-WA0013-768x1024.jpg 768w, https:\/\/www.ecolelacroisette.be\/wp-content\/uploads\/2025\/09\/IMG-20250905-WA0013-225x300.jpg 225w, https:\/\/www.ecolelacroisette.be\/wp-content\/uploads\/2025\/09\/IMG-20250905-WA0013-1152x1536.jpg 1152w, https:\/\/www.ecolelacroisette.be\/wp-content\/uploads\/2025\/09\/IMG-20250905-WA0013.jpg 1536w\" sizes=\"(max-width: 768px) 100vw, 768px\" \/><\/a><\/figure><\/li><li class=\"blocks-gallery-item\"><figure><a href=\"https:\/\/www.ecolelacroisette.be\/wp-content\/uploads\/2025\/09\/IMG-20250905-WA0014.jpg\"><img loading=\"lazy\" width=\"768\" height=\"1024\" src=\"https:\/\/www.ecolelacroisette.be\/wp-content\/uploads\/2025\/09\/IMG-20250905-WA0014-768x1024.jpg\" alt=\"\" data-id=\"189915\" data-full-url=\"https:\/\/www.ecolelacroisette.be\/wp-content\/uploads\/2025\/09\/IMG-20250905-WA0014.jpg\" data-link=\"https:\/\/www.ecolelacroisette.be\/?attachment_id=189915\" class=\"wp-image-189915\" srcset=\"https:\/\/www.ecolelacroisette.be\/wp-content\/uploads\/2025\/09\/IMG-20250905-WA0014-768x1024.jpg 768w, https:\/\/www.ecolelacroisette.be\/wp-content\/uploads\/2025\/09\/IMG-20250905-WA0014-225x300.jpg 225w, https:\/\/www.ecolelacroisette.be\/wp-content\/uploads\/2025\/09\/IMG-20250905-WA0014-1152x1536.jpg 1152w, https:\/\/www.ecolelacroisette.be\/wp-content\/uploads\/2025\/09\/IMG-20250905-WA0014.jpg 1536w\" sizes=\"(max-width: 768px) 100vw, 768px\" \/><\/a><\/figure><\/li><li class=\"blocks-gallery-item\"><figure><a href=\"https:\/\/www.ecolelacroisette.be\/wp-content\/uploads\/2025\/09\/IMG-20250905-WA0015.jpg\"><img loading=\"lazy\" width=\"1024\" height=\"768\" src=\"https:\/\/www.ecolelacroisette.be\/wp-content\/uploads\/2025\/09\/IMG-20250905-WA0015-1024x768.jpg\" alt=\"\" data-id=\"189916\" data-full-url=\"https:\/\/www.ecolelacroisette.be\/wp-content\/uploads\/2025\/09\/IMG-20250905-WA0015.jpg\" data-link=\"https:\/\/www.ecolelacroisette.be\/?attachment_id=189916\" class=\"wp-image-189916\" srcset=\"https:\/\/www.ecolelacroisette.be\/wp-content\/uploads\/2025\/09\/IMG-20250905-WA0015-1024x768.jpg 1024w, https:\/\/www.ecolelacroisette.be\/wp-content\/uploads\/2025\/09\/IMG-20250905-WA0015-300x225.jpg 300w, https:\/\/www.ecolelacroisette.be\/wp-content\/uploads\/2025\/09\/IMG-20250905-WA0015-768x576.jpg 768w, https:\/\/www.ecolelacroisette.be\/wp-content\/uploads\/2025\/09\/IMG-20250905-WA0015-1536x1152.jpg 1536w, https:\/\/www.ecolelacroisette.be\/wp-content\/uploads\/2025\/09\/IMG-20250905-WA0015.jpg 1920w\" sizes=\"(max-width: 1024px) 100vw, 1024px\" \/><\/a><\/figure><\/li><\/ul><\/figure>\n","protected":false},"excerpt":{"rendered":"<p>Le vendredi 5 septembre 2025, les \u00e9l\u00e8ves d&rsquo;Allison ont v\u00e9cu un chouette moment d&rsquo;apprentissage au bois didactique de Gesves. Ils ont profit\u00e9 de la nature et du bon air afin de travailler les notions de \u00ab\u00a0plus court que\u00a0\u00bb, \u00ab\u00a0plus long que\u00a0\u00bb et d&rsquo;\u00e9talon de mesure, tout en effectuant un travail \u00e0 propos de l&rsquo;\u00e9coute et&hellip;<\/p>\n","protected":false},"author":2,"featured_media":0,"comment_status":"closed","ping_status":"closed","sticky":false,"template":"","format":"standard","meta":[],"categories":[1],"tags":[],"_links":{"self":[{"href":"https:\/\/www.ecolelacroisette.be\/index.php\/wp-json\/wp\/v2\/posts\/189907"}],"collection":[{"href":"https:\/\/www.ecolelacroisette.be\/index.php\/wp-json\/wp\/v2\/posts"}],"about":[{"href":"https:\/\/www.ecolelacroisette.be\/index.php\/wp-json\/wp\/v2\/types\/post"}],"author":[{"embeddable":true,"href":"https:\/\/www.ecolelacroisette.be\/index.php\/wp-json\/wp\/v2\/users\/2"}],"replies":[{"embeddable":true,"href":"https:\/\/www.ecolelacroisette.be\/index.php\/wp-json\/wp\/v2\/comments?post=189907"}],"version-history":[{"count":1,"href":"https:\/\/www.ecolelacroisette.be\/index.php\/wp-json\/wp\/v2\/posts\/189907\/revisions"}],"predecessor-version":[{"id":189917,"href":"https:\/\/www.ecolelacroisette.be\/index.php\/wp-json\/wp\/v2\/posts\/189907\/revisions\/189917"}],"wp:attachment":[{"href":"https:\/\/www.ecolelacroisette.be\/index.php\/wp-json\/wp\/v2\/media?parent=189907"}],"wp:term":[{"taxonomy":"category","embeddable":true,"href":"https:\/\/www.ecolelacroisette.be\/index.php\/wp-json\/wp\/v2\/categories?post=189907"},{"taxonomy":"post_tag","embeddable":true,"href":"https:\/\/www.ecolelacroisette.be\/index.php\/wp-json\/wp\/v2\/tags?post=189907"}],"curies":[{"name":"wp","href":"https:\/\/api.w.org\/{rel}","templated":true}]}}